{"id":1609,"date":"2025-07-19T18:44:15","date_gmt":"2025-07-19T16:44:15","guid":{"rendered":"https:\/\/svenska-foreningen-hannover.eu\/?p=1609"},"modified":"2025-07-19T18:50:24","modified_gmt":"2025-07-19T16:50:24","slug":"mittsommerfest","status":"publish","type":"post","link":"https:\/\/svenska-foreningen-hannover.eu\/SE\/mittsommerfest\/","title":{"rendered":"Midsommar"},"content":{"rendered":"<p><\/p>\n<p style=\"text-align: center;\">Vi hade ett underbart midsommarfirande med musik och dans runt midsommarst\u00e5ngen, traditionell mat och k\u00f6rmusik. H\u00e4r \u00e4r n\u00e5gra intryck:<\/p>\n<p style=\"text-align: center;\"><img loading=\"lazy\" decoding=\"async\" class=\"alignnone wp-image-1599 size-medium\" src=\"https:\/\/svenska-foreningen-hannover.eu\/wp-content\/uploads\/2025midsommardans-300x225.jpg\" alt=\"\" width=\"300\" height=\"225\" srcset=\"https:\/\/svenska-foreningen-hannover.eu\/wp-content\/uploads\/2025midsommardans-300x225.jpg 300w, https:\/\/svenska-foreningen-hannover.eu\/wp-content\/uploads\/2025midsommardans-1024x768.jpg 1024w, https:\/\/svenska-foreningen-hannover.eu\/wp-content\/uploads\/2025midsommardans-768x576.jpg 768w, https:\/\/svenska-foreningen-hannover.eu\/wp-content\/uploads\/2025midsommardans-1536x1152.jpg 1536w, https:\/\/svenska-foreningen-hannover.eu\/wp-content\/uploads\/2025midsommardans-2048x1536.jpg 2048w\" sizes=\"auto, (max-width: 300px) 100vw, 300px\" \/>\u00a0<img loading=\"lazy\" decoding=\"async\" class=\"alignnone wp-image-1598 size-medium\" src=\"https:\/\/svenska-foreningen-hannover.eu\/wp-content\/uploads\/2025midsommarmusik-300x225.jpg\" alt=\"\" width=\"300\" height=\"225\" srcset=\"https:\/\/svenska-foreningen-hannover.eu\/wp-content\/uploads\/2025midsommarmusik-300x225.jpg 300w, https:\/\/svenska-foreningen-hannover.eu\/wp-content\/uploads\/2025midsommarmusik-1024x768.jpg 1024w, https:\/\/svenska-foreningen-hannover.eu\/wp-content\/uploads\/2025midsommarmusik-768x576.jpg 768w, https:\/\/svenska-foreningen-hannover.eu\/wp-content\/uploads\/2025midsommarmusik-1536x1152.jpg 1536w, https:\/\/svenska-foreningen-hannover.eu\/wp-content\/uploads\/2025midsommarmusik-2048x1536.jpg 2048w\" sizes=\"auto, (max-width: 300px) 100vw, 300px\" \/><\/p>\n<p style=\"text-align: center;\">\u00a0<img loading=\"lazy\" decoding=\"async\" class=\"alignnone wp-image-1600 size-medium\" src=\"https:\/\/svenska-foreningen-hannover.eu\/wp-content\/uploads\/2025midsommardans2-300x225.jpg\" alt=\"\" width=\"300\" height=\"225\" srcset=\"https:\/\/svenska-foreningen-hannover.eu\/wp-content\/uploads\/2025midsommardans2-300x225.jpg 300w, https:\/\/svenska-foreningen-hannover.eu\/wp-content\/uploads\/2025midsommardans2-1024x768.jpg 1024w, https:\/\/svenska-foreningen-hannover.eu\/wp-content\/uploads\/2025midsommardans2-768x576.jpg 768w, https:\/\/svenska-foreningen-hannover.eu\/wp-content\/uploads\/2025midsommardans2-1536x1152.jpg 1536w, https:\/\/svenska-foreningen-hannover.eu\/wp-content\/uploads\/2025midsommardans2-2048x1536.jpg 2048w\" sizes=\"auto, (max-width: 300px) 100vw, 300px\" \/> <img loading=\"lazy\" decoding=\"async\" class=\"alignnone wp-image-1602 size-medium\" src=\"https:\/\/svenska-foreningen-hannover.eu\/wp-content\/uploads\/2025midsommarmaten-300x225.jpg\" alt=\"\" width=\"300\" height=\"225\" srcset=\"https:\/\/svenska-foreningen-hannover.eu\/wp-content\/uploads\/2025midsommarmaten-300x225.jpg 300w, https:\/\/svenska-foreningen-hannover.eu\/wp-content\/uploads\/2025midsommarmaten-1024x768.jpg 1024w, https:\/\/svenska-foreningen-hannover.eu\/wp-content\/uploads\/2025midsommarmaten-768x576.jpg 768w, https:\/\/svenska-foreningen-hannover.eu\/wp-content\/uploads\/2025midsommarmaten-1536x1152.jpg 1536w, https:\/\/svenska-foreningen-hannover.eu\/wp-content\/uploads\/2025midsommarmaten-2048x1536.jpg 2048w\" sizes=\"auto, (max-width: 300px) 100vw, 300px\" \/><\/p>\n<p style=\"text-align: center;\">\u00a0<img loading=\"lazy\" decoding=\"async\" class=\"alignnone wp-image-1601 size-medium\" src=\"https:\/\/svenska-foreningen-hannover.eu\/wp-content\/uploads\/2025midsommarmusik2-300x225.jpg\" alt=\"\" width=\"300\" height=\"225\" srcset=\"https:\/\/svenska-foreningen-hannover.eu\/wp-content\/uploads\/2025midsommarmusik2-300x225.jpg 300w, https:\/\/svenska-foreningen-hannover.eu\/wp-content\/uploads\/2025midsommarmusik2-1024x768.jpg 1024w, https:\/\/svenska-foreningen-hannover.eu\/wp-content\/uploads\/2025midsommarmusik2-768x576.jpg 768w, https:\/\/svenska-foreningen-hannover.eu\/wp-content\/uploads\/2025midsommarmusik2-1536x1153.jpg 1536w, https:\/\/svenska-foreningen-hannover.eu\/wp-content\/uploads\/2025midsommarmusik2-2048x1537.jpg 2048w\" sizes=\"auto, (max-width: 300px) 100vw, 300px\" \/> <img loading=\"lazy\" decoding=\"async\" class=\"alignnone wp-image-1603 size-medium\" src=\"https:\/\/svenska-foreningen-hannover.eu\/wp-content\/uploads\/2025Middommarjordgubbar-300x225.jpg\" alt=\"\" width=\"300\" height=\"225\" srcset=\"https:\/\/svenska-foreningen-hannover.eu\/wp-content\/uploads\/2025Middommarjordgubbar-300x225.jpg 300w, https:\/\/svenska-foreningen-hannover.eu\/wp-content\/uploads\/2025Middommarjordgubbar-1024x768.jpg 1024w, https:\/\/svenska-foreningen-hannover.eu\/wp-content\/uploads\/2025Middommarjordgubbar-768x576.jpg 768w, https:\/\/svenska-foreningen-hannover.eu\/wp-content\/uploads\/2025Middommarjordgubbar-1536x1152.jpg 1536w, https:\/\/svenska-foreningen-hannover.eu\/wp-content\/uploads\/2025Middommarjordgubbar-2048x1536.jpg 2048w\" sizes=\"auto, (max-width: 300px) 100vw, 300px\" \/><\/p>\n<p style=\"text-align: center;\"><img loading=\"lazy\" decoding=\"async\" class=\"alignnone wp-image-1604 size-medium\" src=\"https:\/\/svenska-foreningen-hannover.eu\/wp-content\/uploads\/2025Midsommar-draekter-300x200.jpg\" alt=\"\" width=\"300\" height=\"200\" srcset=\"https:\/\/svenska-foreningen-hannover.eu\/wp-content\/uploads\/2025Midsommar-draekter-300x200.jpg 300w, https:\/\/svenska-foreningen-hannover.eu\/wp-content\/uploads\/2025Midsommar-draekter-1024x683.jpg 1024w, https:\/\/svenska-foreningen-hannover.eu\/wp-content\/uploads\/2025Midsommar-draekter-768x512.jpg 768w, https:\/\/svenska-foreningen-hannover.eu\/wp-content\/uploads\/2025Midsommar-draekter-1536x1024.jpg 1536w, https:\/\/svenska-foreningen-hannover.eu\/wp-content\/uploads\/2025Midsommar-draekter-2048x1365.jpg 2048w\" sizes=\"auto, (max-width: 300px) 100vw, 300px\" \/>\u00a0<img loading=\"lazy\" decoding=\"async\" class=\"alignnone wp-image-1605 size-medium\" src=\"https:\/\/svenska-foreningen-hannover.eu\/wp-content\/uploads\/2025Midsommar-Olaf-etc-300x200.jpg\" alt=\"\" width=\"300\" height=\"200\" srcset=\"https:\/\/svenska-foreningen-hannover.eu\/wp-content\/uploads\/2025Midsommar-Olaf-etc-300x200.jpg 300w, https:\/\/svenska-foreningen-hannover.eu\/wp-content\/uploads\/2025Midsommar-Olaf-etc-1024x683.jpg 1024w, https:\/\/svenska-foreningen-hannover.eu\/wp-content\/uploads\/2025Midsommar-Olaf-etc-768x512.jpg 768w, https:\/\/svenska-foreningen-hannover.eu\/wp-content\/uploads\/2025Midsommar-Olaf-etc.jpg 1525w\" sizes=\"auto, (max-width: 300px) 100vw, 300px\" \/><\/p>\n<p style=\"text-align: center;\"><img loading=\"lazy\" decoding=\"async\" class=\"wp-image-1606 size-medium aligncenter\" src=\"https:\/\/svenska-foreningen-hannover.eu\/wp-content\/uploads\/2025midsommar-koeket-300x200.jpg\" alt=\"\" width=\"300\" height=\"200\" srcset=\"https:\/\/svenska-foreningen-hannover.eu\/wp-content\/uploads\/2025midsommar-koeket-300x200.jpg 300w, https:\/\/svenska-foreningen-hannover.eu\/wp-content\/uploads\/2025midsommar-koeket-1024x683.jpg 1024w, https:\/\/svenska-foreningen-hannover.eu\/wp-content\/uploads\/2025midsommar-koeket-768x512.jpg 768w, https:\/\/svenska-foreningen-hannover.eu\/wp-content\/uploads\/2025midsommar-koeket-1536x1025.jpg 1536w, https:\/\/svenska-foreningen-hannover.eu\/wp-content\/uploads\/2025midsommar-koeket-2048x1366.jpg 2048w\" sizes=\"auto, (max-width: 300px) 100vw, 300px\" \/><\/p>\n<p><img loading=\"lazy\" decoding=\"async\" class=\"alignnone wp-image-1607 size-medium aligncenter\" src=\"https:\/\/svenska-foreningen-hannover.eu\/wp-content\/uploads\/2025midsommar-Bodil-225x300.jpg\" alt=\"\" width=\"225\" height=\"300\" srcset=\"https:\/\/svenska-foreningen-hannover.eu\/wp-content\/uploads\/2025midsommar-Bodil-225x300.jpg 225w, https:\/\/svenska-foreningen-hannover.eu\/wp-content\/uploads\/2025midsommar-Bodil-767x1024.jpg 767w, https:\/\/svenska-foreningen-hannover.eu\/wp-content\/uploads\/2025midsommar-Bodil-768x1025.jpg 768w, https:\/\/svenska-foreningen-hannover.eu\/wp-content\/uploads\/2025midsommar-Bodil-1151x1536.jpg 1151w, https:\/\/svenska-foreningen-hannover.eu\/wp-content\/uploads\/2025midsommar-Bodil-1534x2048.jpg 1534w, https:\/\/svenska-foreningen-hannover.eu\/wp-content\/uploads\/2025midsommar-Bodil-scaled.jpg 1918w\" sizes=\"auto, (max-width: 225px) 100vw, 225px\" \/><\/p>","protected":false},"excerpt":{"rendered":"<p>Vi hade ett underbart midsommarfirande med musik och dans runt midsommarst\u00e5ngen, traditionell mat och k\u00f6rmusik. H\u00e4r \u00e4r n\u00e5gra intryck: \u00a0 \u00a0 \u00a0 \u00a0<\/p>\n","protected":false},"author":5,"featured_media":0,"comment_status":"closed","ping_status":"closed","sticky":false,"template":"","format":"standard","meta":{"footnotes":""},"categories":[1],"tags":[],"class_list":["post-1609","post","type-post","status-publish","format-standard","hentry","category-allgemein"],"_links":{"self":[{"href":"https:\/\/svenska-foreningen-hannover.eu\/SE\/wp-json\/wp\/v2\/posts\/1609","targetHints":{"allow":["GET"]}}],"collection":[{"href":"https:\/\/svenska-foreningen-hannover.eu\/SE\/wp-json\/wp\/v2\/posts"}],"about":[{"href":"https:\/\/svenska-foreningen-hannover.eu\/SE\/wp-json\/wp\/v2\/types\/post"}],"author":[{"embeddable":true,"href":"https:\/\/svenska-foreningen-hannover.eu\/SE\/wp-json\/wp\/v2\/users\/5"}],"replies":[{"embeddable":true,"href":"https:\/\/svenska-foreningen-hannover.eu\/SE\/wp-json\/wp\/v2\/comments?post=1609"}],"version-history":[{"count":2,"href":"https:\/\/svenska-foreningen-hannover.eu\/SE\/wp-json\/wp\/v2\/posts\/1609\/revisions"}],"predecessor-version":[{"id":1611,"href":"https:\/\/svenska-foreningen-hannover.eu\/SE\/wp-json\/wp\/v2\/posts\/1609\/revisions\/1611"}],"wp:attachment":[{"href":"https:\/\/svenska-foreningen-hannover.eu\/SE\/wp-json\/wp\/v2\/media?parent=1609"}],"wp:term":[{"taxonomy":"category","embeddable":true,"href":"https:\/\/svenska-foreningen-hannover.eu\/SE\/wp-json\/wp\/v2\/categories?post=1609"},{"taxonomy":"post_tag","embeddable":true,"href":"https:\/\/svenska-foreningen-hannover.eu\/SE\/wp-json\/wp\/v2\/tags?post=1609"}],"curies":[{"name":"wp","href":"https:\/\/api.w.org\/{rel}","templated":true}]}}