{"id":761,"date":"2016-02-24T19:28:44","date_gmt":"2016-02-24T18:28:44","guid":{"rendered":"http:\/\/svenska-foreningen-hannover.eu\/?page_id=761"},"modified":"2023-05-29T16:51:08","modified_gmt":"2023-05-29T14:51:08","slug":"lucia-2015","status":"publish","type":"post","link":"https:\/\/svenska-foreningen-hannover.eu\/SE\/lucia-2015\/","title":{"rendered":"Lucia 2015"},"content":{"rendered":"<p>&nbsp;<\/p>\n<p>Detta \u00e5r blev vi bjudna av v\u00e5r Svenska F\u00f6rening i Hannover till den \u00e5rliga k\u00f6rkonserten med luciat\u00e5g i Svenska Sj\u00f6manskyrkan i Hamburg. Helene, v\u00e5r ordf\u00f6rande, hade tagit upp kontakt med pr\u00e4sten och best\u00e4llt \u00f6ver 20 biljetter \u00e5t oss. Dessutom hade hon tagit hand om den gemensamma t\u00e5gresan.<\/p>\n<p>Vi tr\u00e4ffades kl. 12 \u201eunder svansen\u201c av h\u00e4ststatyn vid Hannovers Centralstation och \u00e5kte gemensamt t\u00e5g till Hamburg. Bortsett fr\u00e5n n\u00e5gra enstaka personer, som redan befann sig i Hamburg, hade alla anm\u00e4lt sig till den gemensamma resan. Det var roligt och n\u00e4stan som en klassresa.<\/p>\n<p>Efter ankomsten i Hamburg delade vi upp oss i sm\u00e5 grupper, strosade genom den fina Hansestaden och gick sedan till julmarknaden vid r\u00e5dhuset f\u00f6r att dricka gl\u00f6gg och betrakta alla julbodar.<\/p>\n<p>En grupp stannade p\u00e5 julmarknaden, drack tysk bl\u00e5b\u00e4rsgl\u00f6gg och \u00e5t Dresdner Handbrote, en \u00f6sttysk specialitet. Det var, trots varm temperatur, verkligen mysigt och mycket skojigt. I och med att de gamla t\u00e5gen k\u00f6rde den dagen, kunde vi njuta av att \u00e5ka med en gammal nostalgisk och festligt smyckad tunnelbana, inklusive kondukt\u00f6r, till Landungsbr\u00fccken.<\/p>\n<p>Lite senare tr\u00e4ffades de flesta andra sm\u00e5 grupperna i Dietmar-Koel-Stra\u00dfe vid hamnen igen f\u00f6r att \u00e4ta p\u00e5 en trevlig portugisisk-spansk restaurang. Det finns j\u00e4ttem\u00e5nga portugisiska fiskrestauranger i detta kvarter, d\u00e4rf\u00f6r heter det ocks\u00e5 inofficiellt det portugisiska kvarteret.<\/p>\n<p>I Dietmar-Koel-Stra\u00dfe befinner sig fyra skandinaviska sj\u00f6manskyrkor, bl.a. den Svenska Sj\u00f6manskyrkan. N\u00e4r vi \u00e4ntligen kom fram, fann vi d\u00e4r ett stort antal personer f\u00f6rsamlade i det renoverade uppeh\u00e5llsrummet.<\/p>\n<p>Ursprungligen var det planerat att det f\u00f6rst efter f\u00f6rest\u00e4llningen skulle finnas kaffe och lussekatter, svenska pepparkakor och saft eller gl\u00f6gg f\u00f6r alla g\u00e4ster, men f\u00f6r de av oss, som redan var d\u00e4r lite tidigare, gjordes det ett undantag, som tur var ;-).<\/p>\n<p>Konserten b\u00f6rjade kl. 19. Luciak\u00f6ren (ca. 20 personer,) kom int\u00e5gande med levande ljus i handen genom det m\u00f6rka kapellet och st\u00e4llde upp sig framme p\u00e5 scenen bakom varandra i flera rader. K\u00f6ren sj\u00f6ng i olika st\u00e4mmor och d\u00e4rmed blev det en sk\u00f6n och imponerande blandning av manliga bas- och tenorr\u00f6ster och kvinnliga sopran- och altr\u00f6ster. Emellan\u00e5t blev vi informerade om luciabruk och luciased, b\u00e5de p\u00e5 svenska och p\u00e5 tyska.<\/p>\n<p>Allting l\u00e4t mycket harmoniskt och man h\u00f6rde n\u00e5gra v\u00e4ldigt talenterade s\u00e5ngare i k\u00f6ren,<\/p>\n<p>n\u00e5gra av oss fick n\u00e4stan t\u00e5rar i \u00f6gonen. Tyv\u00e4rr var konserten \u00f6ver redan efter en dryg trekvart.<\/p>\n<p>Bortsett fr\u00e5n n\u00e5gra enstaka personer, som stannade i Hamburg, for gruppen hem igen med t\u00e5get Metronom. Eftersom ett fotbollsspel hade \u00e4gt rum den dagen och m\u00e5nga fans i samband med detta var ute p\u00e5 stan, blev hemresan r\u00e4tt s\u00e5 sp\u00e4nnande, med poliseskort vid omstigning i Uelzen. Sent men lyckliga anl\u00e4nde vi i Hannover.<\/p>\n<p>&nbsp;<\/p>\n<p>Klicka p\u00e5 bilden f\u00f6r st\u00f6rre version<\/p>\n<p><a href=\"https:\/\/svenska-foreningen-hannover.eu\/wp-content\/uploads\/Collage-luciaresa.jpg\"><img loading=\"lazy\" decoding=\"async\" class=\"alignnone wp-image-763\" src=\"https:\/\/svenska-foreningen-hannover.eu\/wp-content\/uploads\/Collage-luciaresa-300x222.jpg\" alt=\"Collage luciaresa\" width=\"243\" height=\"180\" srcset=\"https:\/\/svenska-foreningen-hannover.eu\/wp-content\/uploads\/Collage-luciaresa-300x222.jpg 300w, https:\/\/svenska-foreningen-hannover.eu\/wp-content\/uploads\/Collage-luciaresa.jpg 781w\" sizes=\"auto, (max-width: 243px) 100vw, 243px\" \/><\/a><\/p>","protected":false},"excerpt":{"rendered":"<p>&nbsp; Detta \u00e5r blev vi bjudna av v\u00e5r Svenska F\u00f6rening i Hannover till den \u00e5rliga k\u00f6rkonserten med luciat\u00e5g i Svenska Sj\u00f6manskyrkan i Hamburg. Helene, v\u00e5r ordf\u00f6rande, hade tagit upp kontakt med pr\u00e4sten och best\u00e4llt \u00f6ver 20 biljetter \u00e5t oss. Dessutom hade hon tagit hand om den gemensamma t\u00e5gresan. Vi tr\u00e4ffades kl. 12 \u201eunder svansen\u201c av<\/p>\n","protected":false},"author":4,"featured_media":0,"comment_status":"closed","ping_status":"closed","sticky":false,"template":"","format":"standard","meta":{"footnotes":""},"categories":[],"tags":[],"class_list":["post-761","post","type-post","status-publish","format-standard","hentry"],"_links":{"self":[{"href":"https:\/\/svenska-foreningen-hannover.eu\/SE\/wp-json\/wp\/v2\/posts\/761","targetHints":{"allow":["GET"]}}],"collection":[{"href":"https:\/\/svenska-foreningen-hannover.eu\/SE\/wp-json\/wp\/v2\/posts"}],"about":[{"href":"https:\/\/svenska-foreningen-hannover.eu\/SE\/wp-json\/wp\/v2\/types\/post"}],"author":[{"embeddable":true,"href":"https:\/\/svenska-foreningen-hannover.eu\/SE\/wp-json\/wp\/v2\/users\/4"}],"replies":[{"embeddable":true,"href":"https:\/\/svenska-foreningen-hannover.eu\/SE\/wp-json\/wp\/v2\/comments?post=761"}],"version-history":[{"count":8,"href":"https:\/\/svenska-foreningen-hannover.eu\/SE\/wp-json\/wp\/v2\/posts\/761\/revisions"}],"predecessor-version":[{"id":778,"href":"https:\/\/svenska-foreningen-hannover.eu\/SE\/wp-json\/wp\/v2\/posts\/761\/revisions\/778"}],"wp:attachment":[{"href":"https:\/\/svenska-foreningen-hannover.eu\/SE\/wp-json\/wp\/v2\/media?parent=761"}],"wp:term":[{"taxonomy":"category","embeddable":true,"href":"https:\/\/svenska-foreningen-hannover.eu\/SE\/wp-json\/wp\/v2\/categories?post=761"},{"taxonomy":"post_tag","embeddable":true,"href":"https:\/\/svenska-foreningen-hannover.eu\/SE\/wp-json\/wp\/v2\/tags?post=761"}],"curies":[{"name":"wp","href":"https:\/\/api.w.org\/{rel}","templated":true}]}}